{"id":1939,"date":"2025-02-21T15:47:16","date_gmt":"2025-02-21T19:47:16","guid":{"rendered":"https:\/\/ppgta.ufms.br\/?p=1939"},"modified":"2025-02-28T20:31:21","modified_gmt":"2025-03-01T00:31:21","slug":"processo-seletivo-unificado-ufms-mestrado-e-doutorado-em-tecnologias-ambientais-resultado-final","status":"publish","type":"post","link":"https:\/\/ppgta.ufms.br\/pb\/processo-seletivo-unificado-ufms-mestrado-e-doutorado-em-tecnologias-ambientais-resultado-final\/","title":{"rendered":"Processo Seletivo Unificado UFMS \u2013 mestrado e doutorado em Tecnologias Ambientais &#8211; Resultado Final"},"content":{"rendered":"<h3>Resultado Final do Processo Seletivo Unificado para a p\u00f3s-gradua\u00e7\u00e3o na UFMS, relativo ao ingresso no programa de Tecnologias Ambientais.<\/h3>\n<p>Est\u00e1 dispon\u00edvel o edital com o resultado final da analise de m\u00e9rito (analise do pr\u00e9-projeto, analise da defesa do pr\u00e9-projeto, e analise do curr\u00edculo, baseado no <a href=\"https:\/\/propp.ufms.br\/processo-seletivo-mestrado-e-doutorado-2025-1-tecnologias-ambientais\/\">Anexo V<\/a> ao edital 471\/2024 PROPP\/UFMS) das inscri\u00e7\u00f5es homologadas: <a href=\"https:\/\/ppgta.ufms.br\/files\/2025\/02\/PGTA_Ed_02-2025_Res_Final_Avaliacao_de_Merito.pdf\">Edital 2\/2025 CPOS-TAM<\/a>.<\/p>\n<p>A continua\u00e7\u00e3o do processo, at\u00e9 a realiza\u00e7\u00e3o das matriculas, est\u00e1 sob responsabilidade da PROPP\/UFMS, de acordo com o <a href=\"https:\/\/posgraduacao.ufms.br\/portal\/cursos\/download\/16\/471.pdf\/2\">edital 471\/2024 PROPP\/UFMS<\/a>, art. 12, entre outros.<\/p>\n<p>A homologa\u00e7\u00e3o do resultado, levando em conta inclusive o indeferimento de algumas candidaturas, consta no <a href=\"https:\/\/propp.ufms.br\/files\/2025\/02\/Edital-55-com-anexo.pdf\">edital 55\/2025 da PROPP\/UFMS<\/a>.<\/p>\n<p>Os candidatos aprovados podem fazer a matricula agora; mais informa\u00e7\u00f5es em <a href=\"https:\/\/propp.ufms.br\/2025\/02\/28\/processo-seletivo-unificado-2025-1-convocacao-para-matricula-1a-chamada\/\">https:\/\/propp.ufms.br\/2025\/02\/28\/processo-seletivo-unificado-2025-1-convocacao-para-matricula-1a-chamada\/<\/a>","protected":false},"excerpt":{"rendered":"<p>Resultado Final do Processo Seletivo Unificado para a p\u00f3s-gradua\u00e7\u00e3o na UFMS, relativo ao ingresso no programa de Tecnologias Ambientais. Est\u00e1 dispon\u00edvel o edital com o resultado final da analise de m\u00e9rito (analise do pr\u00e9-projeto, analise da defesa do pr\u00e9-projeto, e analise do curr\u00edculo, baseado no Anexo V ao edital 471\/2024 PROPP\/UFMS) das inscri\u00e7\u00f5es homologadas: Edital [&hellip;]<\/p>\n","protected":false},"author":1652,"featured_media":0,"comment_status":"closed","ping_status":"closed","sticky":false,"template":"","format":"standard","meta":{"footnotes":""},"categories":[3,35,37,34,2],"tags":[],"coauthors":[],"class_list":["post-1939","post","type-post","status-publish","format-standard","hentry","category-destaques","category-doutorado","category-editais","category-mestrado","category-noticias"],"_links":{"self":[{"href":"https:\/\/ppgta.ufms.br\/pb\/wp-json\/wp\/v2\/posts\/1939","targetHints":{"allow":["GET"]}}],"collection":[{"href":"https:\/\/ppgta.ufms.br\/pb\/wp-json\/wp\/v2\/posts"}],"about":[{"href":"https:\/\/ppgta.ufms.br\/pb\/wp-json\/wp\/v2\/types\/post"}],"author":[{"embeddable":true,"href":"https:\/\/ppgta.ufms.br\/pb\/wp-json\/wp\/v2\/users\/1652"}],"replies":[{"embeddable":true,"href":"https:\/\/ppgta.ufms.br\/pb\/wp-json\/wp\/v2\/comments?post=1939"}],"version-history":[{"count":3,"href":"https:\/\/ppgta.ufms.br\/pb\/wp-json\/wp\/v2\/posts\/1939\/revisions"}],"predecessor-version":[{"id":1951,"href":"https:\/\/ppgta.ufms.br\/pb\/wp-json\/wp\/v2\/posts\/1939\/revisions\/1951"}],"wp:attachment":[{"href":"https:\/\/ppgta.ufms.br\/pb\/wp-json\/wp\/v2\/media?parent=1939"}],"wp:term":[{"taxonomy":"category","embeddable":true,"href":"https:\/\/ppgta.ufms.br\/pb\/wp-json\/wp\/v2\/categories?post=1939"},{"taxonomy":"post_tag","embeddable":true,"href":"https:\/\/ppgta.ufms.br\/pb\/wp-json\/wp\/v2\/tags?post=1939"},{"taxonomy":"author","embeddable":true,"href":"https:\/\/ppgta.ufms.br\/pb\/wp-json\/wp\/v2\/coauthors?post=1939"}],"curies":[{"name":"wp","href":"https:\/\/api.w.org\/{rel}","templated":true}]}}